{"id":5762,"date":"2016-09-13T00:00:00","date_gmt":"2016-09-12T22:00:00","guid":{"rendered":"https:\/\/www.stefaniexchangers.com\/it\/2016_shdc_fiori-recisi\/"},"modified":"2026-03-11T09:10:14","modified_gmt":"2026-03-11T08:10:14","slug":"shdc_fiori-recisi","status":"publish","type":"post","link":"https:\/\/www.stefaniexchangers.com\/it\/shdc_fiori-recisi\/","title":{"rendered":"SHDC Fiori recisi"},"content":{"rendered":"<div class=\"fusion-fullwidth fullwidth-box fusion-builder-row-1 fusion-flex-container nonhundred-percent-fullwidth non-hundred-percent-height-scrolling\" style=\"--awb-border-radius-top-left:0px;--awb-border-radius-top-right:0px;--awb-border-radius-bottom-right:0px;--awb-border-radius-bottom-left:0px;--awb-flex-wrap:wrap;\" ><div class=\"fusion-builder-row fusion-row fusion-flex-align-items-flex-start fusion-flex-content-wrap\" style=\"max-width:1224px;margin-left: calc(-2% \/ 2 );margin-right: calc(-2% \/ 2 );\"><div class=\"fusion-layout-column fusion_builder_column fusion-builder-column-0 fusion_builder_column_1_1 1_1 fusion-flex-column\" style=\"--awb-bg-size:cover;--awb-width-large:100%;--awb-margin-top-large:0px;--awb-spacing-right-large:0.98%;--awb-margin-bottom-large:0px;--awb-spacing-left-large:0.98%;--awb-width-medium:100%;--awb-spacing-right-medium:0.98%;--awb-spacing-left-medium:0.98%;--awb-width-small:100%;--awb-spacing-right-small:0.98%;--awb-spacing-left-small:0.98%;\"><div class=\"fusion-column-wrapper fusion-flex-justify-content-flex-start fusion-content-layout-column\"><div class=\"fusion-text fusion-text-1\"><p>Grazie alla collaborazione con la societ\u00e0 Quercy Refrigeration di Moissac, Stefani ha fornito una serie di aerorefrigeratori alla societ\u00e0 St\u00e9 Lannes di Maulause che possiede tre brevetti per le tipologie di fiori che esporta in tutto il mondo.<\/p>\n<p>br&gt;<br \/>\nCon gli aerorefrigeratori Stefani \u00e8 stata realizzata una cella per la conservazione dei fiori recisi con regolazione hdcold (brevetto Quercy), per il controllo della temperatura e dell\u2019umidit\u00e0 per i fiori.<\/p>\n<\/div><\/div><\/div><\/div><\/div>\n","protected":false},"excerpt":{"rendered":"","protected":false},"author":1,"featured_media":5537,"comment_status":"closed","ping_status":"closed","sticky":false,"template":"","format":"standard","meta":{"footnotes":""},"categories":[27,73,18,24,12,19],"tags":[70],"class_list":["post-5762","post","type-post","status-publish","format-standard","has-post-thumbnail","hentry","category-aerorefrigeranti","category-aerorefrigeranti-commerciali","category-applicazioni","category-prodotti","category-referenze","category-refrigerazione-commerciale","tag-francia"],"_links":{"self":[{"href":"https:\/\/www.stefaniexchangers.com\/it\/wp-json\/wp\/v2\/posts\/5762","targetHints":{"allow":["GET"]}}],"collection":[{"href":"https:\/\/www.stefaniexchangers.com\/it\/wp-json\/wp\/v2\/posts"}],"about":[{"href":"https:\/\/www.stefaniexchangers.com\/it\/wp-json\/wp\/v2\/types\/post"}],"author":[{"embeddable":true,"href":"https:\/\/www.stefaniexchangers.com\/it\/wp-json\/wp\/v2\/users\/1"}],"replies":[{"embeddable":true,"href":"https:\/\/www.stefaniexchangers.com\/it\/wp-json\/wp\/v2\/comments?post=5762"}],"version-history":[{"count":2,"href":"https:\/\/www.stefaniexchangers.com\/it\/wp-json\/wp\/v2\/posts\/5762\/revisions"}],"predecessor-version":[{"id":9152,"href":"https:\/\/www.stefaniexchangers.com\/it\/wp-json\/wp\/v2\/posts\/5762\/revisions\/9152"}],"wp:featuredmedia":[{"embeddable":true,"href":"https:\/\/www.stefaniexchangers.com\/it\/wp-json\/wp\/v2\/media\/5537"}],"wp:attachment":[{"href":"https:\/\/www.stefaniexchangers.com\/it\/wp-json\/wp\/v2\/media?parent=5762"}],"wp:term":[{"taxonomy":"category","embeddable":true,"href":"https:\/\/www.stefaniexchangers.com\/it\/wp-json\/wp\/v2\/categories?post=5762"},{"taxonomy":"post_tag","embeddable":true,"href":"https:\/\/www.stefaniexchangers.com\/it\/wp-json\/wp\/v2\/tags?post=5762"}],"curies":[{"name":"wp","href":"https:\/\/api.w.org\/{rel}","templated":true}]}}